{"id":10109,"date":"2014-03-13T22:30:35","date_gmt":"2014-03-14T03:00:35","guid":{"rendered":"http:\/\/gradadigital.com\/home\/?p=10109"},"modified":"2014-03-13T22:32:54","modified_gmt":"2014-03-14T03:02:54","slug":"video-seijas-es-dificil-hacer-un-analisis-cuando-el-arbitro-comete-un-error-como-el-penal","status":"publish","type":"post","link":"http:\/\/gradadigital.com\/home\/video-seijas-es-dificil-hacer-un-analisis-cuando-el-arbitro-comete-un-error-como-el-penal\/","title":{"rendered":"VIDEO | Seijas: \u00abEs dif\u00edcil hacer un an\u00e1lisis cuando el \u00e1rbitro comete un error como el penal\u00bb"},"content":{"rendered":"<p style=\"text-align: center;\"><iframe loading=\"lazy\" width=\"682\" height=\"348\" src=\"http:\/\/www.youtube.com\/embed\/ujBZjuCDYZE?rel=0\" frameborder=\"0\" allowfullscreen><\/iframe>\n<p style=\"text-align: justify;\"><strong>Miguel Vallenilla, Barinas &#8211;<\/strong> Uno de los mayores atractivos que ten\u00eda el duelo entre el Zamora FC y el Independiente de Santa Fe, era la participaci\u00f3n del venezolano, Luis Manuel Seijas, por parte del conjunto colombiano. Para \u201cLuisma\u201d la derrota fue dura, y cree que el \u00e1rbitro influy\u00f3 en el encuentro.<\/p>\n<p style=\"text-align: justify;\"><strong>\u201cEs dif\u00edcil hacer un an\u00e1lisis cuando el \u00e1rbitro comete un error tan enorme como el penal, se vio muy claro que quiso compensar\u201d<\/strong>, pues cree que antes, cuandouna falta a Pedro Ram\u00edrez no fue sentenciada en el primer tiempo, <strong>\u201cZamora tuvo la ley de la ventaja y no marc\u00f3\u201d. Igualmente cree que en Bogot\u00e1 \u201cser\u00e1 un partido distinto\u201d.<\/strong><\/p>\n<p style=\"text-align: center;\"><img loading=\"lazy\" decoding=\"async\" class=\"alignnone size-full wp-image-10111\" alt=\"luis_manuel_seijas_noel_sanvicente_12032014\" src=\"http:\/\/gradadigital.com\/home\/wp-content\/uploads\/2014\/03\/luis_manuel_seijas_noel_sanvicente_12032014.jpg\" width=\"596\" height=\"346\" srcset=\"http:\/\/gradadigital.com\/home\/wp-content\/uploads\/2014\/03\/luis_manuel_seijas_noel_sanvicente_12032014.jpg 596w, http:\/\/gradadigital.com\/home\/wp-content\/uploads\/2014\/03\/luis_manuel_seijas_noel_sanvicente_12032014-300x174.jpg 300w\" sizes=\"auto, (max-width: 596px) 100vw, 596px\" \/><\/p>\n<p style=\"text-align: justify;\">Seijas se reencontr\u00f3 con Noel \u201cChita\u201d Sanvicente, a quien no ve\u00eda aproximadamente desde hace siete a\u00f1os. \u201c<strong>Uno conoce a \u201cChita\u201d y sab\u00edamos que no ser\u00eda f\u00e1cil. Me dio la oportunidad de integrar un plantel profesional (con el Caracas)\u201d<\/strong>. El jugador salud\u00f3 al estratega minutos antes del inicio del encuentro.<\/p>\n<p style=\"text-align: justify;\">El encuentro, que estuvo rodeado de momentos especiales, tambi\u00e9n lo aprovech\u00f3 el criollo para hacer un llamado a la Paz por la situaci\u00f3n que vive el pa\u00eds, es por tal motivo que su gesto durante la interpretaci\u00f3n del Himno Nacional, donde represent\u00f3 con su mano el s\u00edmbolo de paz. <strong>\u201cEs dif\u00edcil estar concentrado al ver que suceden tantas cosas y esperemos que la justicia pueda llegar\u201d.<\/strong><\/p>\n<p style=\"text-align: justify;\">Recientemente el venezolano pudo volver vestir la camiseta del seleccionado nacional bajo la direcci\u00f3n t\u00e9cnica de Manuel Plasencia, y espera <strong>\u201cque venga un partido lo m\u00e1s pronto posible\u201d<\/strong>. Su objetivo principal ahora es enfocarse en el pr\u00f3ximo duelo ante Zamora en Colombia. <strong>\u201cQueremos recuperar el segundo lugar\u201d.<\/strong><\/p>\n<p style=\"text-align: center;\"><img loading=\"lazy\" decoding=\"async\" class=\"alignnone size-full wp-image-10093\" alt=\"luis_manuel_seijas_zamora_santafe_12032014\" src=\"http:\/\/gradadigital.com\/home\/wp-content\/uploads\/2014\/03\/luis_manuel_seijas_zamora_santafe_12032014.jpg\" width=\"397\" height=\"596\" srcset=\"http:\/\/gradadigital.com\/home\/wp-content\/uploads\/2014\/03\/luis_manuel_seijas_zamora_santafe_12032014.jpg 397w, http:\/\/gradadigital.com\/home\/wp-content\/uploads\/2014\/03\/luis_manuel_seijas_zamora_santafe_12032014-199x300.jpg 199w\" sizes=\"auto, (max-width: 397px) 100vw, 397px\" \/><\/p>\n","protected":false},"excerpt":{"rendered":"<p>Miguel Vallenilla, Barinas &#8211; Uno de los mayores atractivos que ten\u00eda el duelo entre el Zamora FC y el Independiente de Santa Fe, era la participaci\u00f3n del venezolano, Luis Manuel Seijas, por parte del conjunto colombiano. Para \u201cLuisma\u201d la derrota fue dura, y cree que el \u00e1rbitro influy\u00f3 en el encuentro. \u201cEs dif\u00edcil hacer un &#8230;<\/p>\n","protected":false},"author":4,"featured_media":10110,"comment_status":"closed","ping_status":"closed","sticky":false,"template":"","format":"standard","meta":{"footnotes":""},"categories":[27,37,36],"tags":[],"class_list":["post-10109","post","type-post","status-publish","format-standard","has-post-thumbnail","hentry","category-video","category-copa-libertadores","category-internacional"],"_links":{"self":[{"href":"http:\/\/gradadigital.com\/home\/wp-json\/wp\/v2\/posts\/10109","targetHints":{"allow":["GET"]}}],"collection":[{"href":"http:\/\/gradadigital.com\/home\/wp-json\/wp\/v2\/posts"}],"about":[{"href":"http:\/\/gradadigital.com\/home\/wp-json\/wp\/v2\/types\/post"}],"author":[{"embeddable":true,"href":"http:\/\/gradadigital.com\/home\/wp-json\/wp\/v2\/users\/4"}],"replies":[{"embeddable":true,"href":"http:\/\/gradadigital.com\/home\/wp-json\/wp\/v2\/comments?post=10109"}],"version-history":[{"count":2,"href":"http:\/\/gradadigital.com\/home\/wp-json\/wp\/v2\/posts\/10109\/revisions"}],"predecessor-version":[{"id":10113,"href":"http:\/\/gradadigital.com\/home\/wp-json\/wp\/v2\/posts\/10109\/revisions\/10113"}],"wp:featuredmedia":[{"embeddable":true,"href":"http:\/\/gradadigital.com\/home\/wp-json\/wp\/v2\/media\/10110"}],"wp:attachment":[{"href":"http:\/\/gradadigital.com\/home\/wp-json\/wp\/v2\/media?parent=10109"}],"wp:term":[{"taxonomy":"category","embeddable":true,"href":"http:\/\/gradadigital.com\/home\/wp-json\/wp\/v2\/categories?post=10109"},{"taxonomy":"post_tag","embeddable":true,"href":"http:\/\/gradadigital.com\/home\/wp-json\/wp\/v2\/tags?post=10109"}],"curies":[{"name":"wp","href":"https:\/\/api.w.org\/{rel}","templated":true}]}}