{"id":10103,"date":"2014-03-13T02:08:01","date_gmt":"2014-03-13T06:38:01","guid":{"rendered":"http:\/\/gradadigital.com\/home\/?p=10103"},"modified":"2014-03-13T02:08:01","modified_gmt":"2014-03-13T06:38:01","slug":"fotos-zamora-consiguio-su-primera-noche-tan-ansiada-de-libertadores","status":"publish","type":"post","link":"http:\/\/gradadigital.com\/home\/fotos-zamora-consiguio-su-primera-noche-tan-ansiada-de-libertadores\/","title":{"rendered":"+FOTOS | Zamora consigui\u00f3 su primera noche tan ansiada de Libertadores"},"content":{"rendered":"<p style=\"text-align: center;\"><img loading=\"lazy\" decoding=\"async\" class=\"alignnone size-full wp-image-10101\" alt=\"juan_falcon_zamora_santafe_12032014_3\" src=\"http:\/\/gradadigital.com\/home\/wp-content\/uploads\/2014\/03\/juan_falcon_zamora_santafe_12032014_3.jpg\" width=\"596\" height=\"346\" srcset=\"http:\/\/gradadigital.com\/home\/wp-content\/uploads\/2014\/03\/juan_falcon_zamora_santafe_12032014_3.jpg 596w, http:\/\/gradadigital.com\/home\/wp-content\/uploads\/2014\/03\/juan_falcon_zamora_santafe_12032014_3-300x174.jpg 300w\" sizes=\"auto, (max-width: 596px) 100vw, 596px\" \/><\/p>\n<p style=\"text-align: justify;\"><b>Peter Herrera \/ Prensa Zamora FC,\u00a0<\/b><b style=\"line-height: 1.5em;\">Barinas. <\/b><span style=\"line-height: 1.5em;\">El Zamora F\u00fatbol Club consigui\u00f3 su primera victoria en la Copa Libertadores de Am\u00e9rica, al derrotar 2-1 al Independiente de Santa Fe, en la disputa de la tercera fecha de la fase de grupos del certamen continental. Consiguiendo adem\u00e1s sus primeros goles en la historia tras dos participaciones cumplidas.<\/span><\/p>\n<p style=\"text-align: justify;\">En la primera mitad ambos conjuntos salieron por la victoria, los locales propusieron por las bandas y con jugadas r\u00e1pidas en tres cuartos de cancha. Sin embargo, al 14\u2019 la primera jugada de peligro fue para el visitante, cuando Jefferson Cuero aprovecho la habilitaci\u00f3n dentro del \u00e1rea blanquinegra y remat\u00f3 de derecha para exigir la reacci\u00f3n de Alexis Angulo. La siguiente clara fue para los de Noel Sanvicente, cuando al 28\u2019 Juan Falc\u00f3n saca dos defensores y remata desde larga distancia cerca del \u00e1ngulo superior derecho.<\/p>\n<p style=\"text-align: center;\"><img loading=\"lazy\" decoding=\"async\" class=\"alignnone size-full wp-image-10094\" alt=\"pedro_ramirez_zamora_santafe_12032014_2\" src=\"http:\/\/gradadigital.com\/home\/wp-content\/uploads\/2014\/03\/pedro_ramirez_zamora_santafe_12032014_2.jpg\" width=\"596\" height=\"346\" srcset=\"http:\/\/gradadigital.com\/home\/wp-content\/uploads\/2014\/03\/pedro_ramirez_zamora_santafe_12032014_2.jpg 596w, http:\/\/gradadigital.com\/home\/wp-content\/uploads\/2014\/03\/pedro_ramirez_zamora_santafe_12032014_2-300x174.jpg 300w\" sizes=\"auto, (max-width: 596px) 100vw, 596px\" \/><\/p>\n<p style=\"text-align: justify;\">De all\u00ed en adelante la \u201cfuria llanera\u201d logr\u00f3 plantar su f\u00fatbol y uno m\u00e1s tarde, Pedro Ram\u00edrez filtra un bal\u00f3n para Jhon Murillo que en mano a mano la mand\u00f3 por encima del arco colombiano. El encuentro se mantuvo en mitad de cancha, y el Santa Fe se aproxim\u00f3 nuevamente con un centro de Cuero que concluy\u00f3 con un excelente cabezazo de Omar P\u00e9rez que la mand\u00f3 a las manos del golero barin\u00e9s. Cerca del final del primer tiempo lleg\u00f3 la jugada m\u00e1s clara del partido hasta ese momento, cuando \u201cel Mago de Barrancas\u201d sac\u00f3 a tres contrarios, recibe una falta dentro del \u00e1rea pero el principal da la ley de la ventaja para que Ricardo Clarke la mandara por encima del p\u00f3rtico y mantener la paridad sin goles.<\/p>\n<p style=\"text-align: justify;\">Para el complemento el blanquinegro sali\u00f3 con la garra para quedarse con los tres puntos, la velocidad de los volantes y la iniciativa de Ram\u00edrez que sigui\u00f3 llevando las riendas ofensivas. Al 57\u2019 Falc\u00f3n recibe una infracci\u00f3n dentro del \u00e1rea visitante y gana un tiro penalti que dos minutos despu\u00e9s fue cobrado por el nuevo jugador del FC Sion (Pedro Ram\u00edrez) que de pierna derecha marc\u00f3 el primero del partido y el primer gol en la historia del Zamora en la Copa Libertadores.<\/p>\n<p style=\"text-align: justify;\">Los llaneros continuaron encimando sobre arco visitante, pero tras un error al 71\u2019 en mitad de cancha, el reci\u00e9n ingresado Jhonnatan Copete recibi\u00f3 un pase largo y en mano a mano coloc\u00f3 el empate en el estadio La Carolina. El blanquinegro no baj\u00f3 los brazos y con los cambios refresco el sistema ofensivo en busca de consagrar su primera victoria. Con el ingreso de Ynmer Gonz\u00e1lez, Pierre Pluchino y Johan Arenas el actual monarca del f\u00fatbol venezolano puso toda la carne en el asador para quedarse con los tres puntos.<\/p>\n<p style=\"text-align: center;\"><img loading=\"lazy\" decoding=\"async\" class=\"alignnone size-full wp-image-10100\" alt=\"juan_falcon_zamora_santafe_12032014_2\" src=\"http:\/\/gradadigital.com\/home\/wp-content\/uploads\/2014\/03\/juan_falcon_zamora_santafe_12032014_2.jpg\" width=\"596\" height=\"346\" srcset=\"http:\/\/gradadigital.com\/home\/wp-content\/uploads\/2014\/03\/juan_falcon_zamora_santafe_12032014_2.jpg 596w, http:\/\/gradadigital.com\/home\/wp-content\/uploads\/2014\/03\/juan_falcon_zamora_santafe_12032014_2-300x174.jpg 300w\" sizes=\"auto, (max-width: 596px) 100vw, 596px\" \/><\/p>\n<p style=\"text-align: justify;\">Al 81\u2019 Falc\u00f3n improvis\u00f3 con un remate a larga distancia, que exigi\u00f3 la intervenci\u00f3n de Camilo Vargas que la mand\u00f3 a un costado. Pero su buena actuaci\u00f3n en la noche m\u00e1gica para los barineses dio frutos, cuando al 83\u2019 recibi\u00f3 un pase al borde del \u00e1rea, con fuerza sac\u00f3 al defensor y remat\u00f3 fuerte al bajante derecho para colocar el 2-1. Cerrando con este resultado sus primeros tres puntos en esta competencia y as\u00ed continuar en la pelea por el pase a octavos de final.<\/p>\n<p style=\"text-align: center;\"><strong>FOTOS<\/strong><\/p>\n<p style=\"text-align: center;\"><img loading=\"lazy\" decoding=\"async\" class=\"alignnone size-full wp-image-10093\" alt=\"luis_manuel_seijas_zamora_santafe_12032014\" src=\"http:\/\/gradadigital.com\/home\/wp-content\/uploads\/2014\/03\/luis_manuel_seijas_zamora_santafe_12032014.jpg\" width=\"397\" height=\"596\" srcset=\"http:\/\/gradadigital.com\/home\/wp-content\/uploads\/2014\/03\/luis_manuel_seijas_zamora_santafe_12032014.jpg 397w, http:\/\/gradadigital.com\/home\/wp-content\/uploads\/2014\/03\/luis_manuel_seijas_zamora_santafe_12032014-199x300.jpg 199w\" sizes=\"auto, (max-width: 397px) 100vw, 397px\" \/><\/p>\n<p style=\"text-align: center;\"><img loading=\"lazy\" decoding=\"async\" class=\"alignnone size-full wp-image-10095\" alt=\"pedro_ramirez_zamora_santafe_12032014\" src=\"http:\/\/gradadigital.com\/home\/wp-content\/uploads\/2014\/03\/pedro_ramirez_zamora_santafe_12032014.jpg\" width=\"596\" height=\"346\" srcset=\"http:\/\/gradadigital.com\/home\/wp-content\/uploads\/2014\/03\/pedro_ramirez_zamora_santafe_12032014.jpg 596w, http:\/\/gradadigital.com\/home\/wp-content\/uploads\/2014\/03\/pedro_ramirez_zamora_santafe_12032014-300x174.jpg 300w\" sizes=\"auto, (max-width: 596px) 100vw, 596px\" \/><\/p>\n<p style=\"text-align: center;\"><img loading=\"lazy\" decoding=\"async\" class=\"alignnone size-full wp-image-10102\" alt=\"pedro_ramirez_zamora_santafe_12032014_1\" src=\"http:\/\/gradadigital.com\/home\/wp-content\/uploads\/2014\/03\/pedro_ramirez_zamora_santafe_12032014_1.jpg\" width=\"596\" height=\"346\" srcset=\"http:\/\/gradadigital.com\/home\/wp-content\/uploads\/2014\/03\/pedro_ramirez_zamora_santafe_12032014_1.jpg 596w, http:\/\/gradadigital.com\/home\/wp-content\/uploads\/2014\/03\/pedro_ramirez_zamora_santafe_12032014_1-300x174.jpg 300w\" sizes=\"auto, (max-width: 596px) 100vw, 596px\" \/><\/p>\n<p style=\"text-align: center;\"><img loading=\"lazy\" decoding=\"async\" class=\"alignnone size-full wp-image-10096\" alt=\"juan_falcon_zamora_santafe_12032014\" src=\"http:\/\/gradadigital.com\/home\/wp-content\/uploads\/2014\/03\/juan_falcon_zamora_santafe_12032014.jpg\" width=\"596\" height=\"346\" srcset=\"http:\/\/gradadigital.com\/home\/wp-content\/uploads\/2014\/03\/juan_falcon_zamora_santafe_12032014.jpg 596w, http:\/\/gradadigital.com\/home\/wp-content\/uploads\/2014\/03\/juan_falcon_zamora_santafe_12032014-300x174.jpg 300w\" sizes=\"auto, (max-width: 596px) 100vw, 596px\" \/><\/p>\n<p style=\"text-align: center;\"><img loading=\"lazy\" decoding=\"async\" class=\"alignnone size-full wp-image-10098\" alt=\"juan_falcon_pierre_pluchino_zamora_santafe_12032014\" src=\"http:\/\/gradadigital.com\/home\/wp-content\/uploads\/2014\/03\/juan_falcon_pierre_pluchino_zamora_santafe_12032014.jpg\" width=\"596\" height=\"346\" srcset=\"http:\/\/gradadigital.com\/home\/wp-content\/uploads\/2014\/03\/juan_falcon_pierre_pluchino_zamora_santafe_12032014.jpg 596w, http:\/\/gradadigital.com\/home\/wp-content\/uploads\/2014\/03\/juan_falcon_pierre_pluchino_zamora_santafe_12032014-300x174.jpg 300w\" sizes=\"auto, (max-width: 596px) 100vw, 596px\" \/><\/p>\n<p style=\"text-align: center;\"><img loading=\"lazy\" decoding=\"async\" class=\"alignnone size-full wp-image-10097\" alt=\"juan_falcon_zamora_santafe_12032014_4\" src=\"http:\/\/gradadigital.com\/home\/wp-content\/uploads\/2014\/03\/juan_falcon_zamora_santafe_12032014_4.jpg\" width=\"596\" height=\"346\" srcset=\"http:\/\/gradadigital.com\/home\/wp-content\/uploads\/2014\/03\/juan_falcon_zamora_santafe_12032014_4.jpg 596w, http:\/\/gradadigital.com\/home\/wp-content\/uploads\/2014\/03\/juan_falcon_zamora_santafe_12032014_4-300x174.jpg 300w\" sizes=\"auto, (max-width: 596px) 100vw, 596px\" \/><\/p>\n<div style=\"text-align: center;\"><iframe loading=\"lazy\" src=\"http:\/\/gradadigital.com\/datafactory\/html\/libertadores\/ficha187311.html\" height=\"1030\" width=\"702\" frameborder=\"0\" marginwidth=\"0\" marginheight=\"0\" scrolling=\"no\"><\/iframe><\/div>\n","protected":false},"excerpt":{"rendered":"<p>Peter Herrera \/ Prensa Zamora FC,\u00a0Barinas. El Zamora F\u00fatbol Club consigui\u00f3 su primera victoria en la Copa Libertadores de Am\u00e9rica, al derrotar 2-1 al Independiente de Santa Fe, en la disputa de la tercera fecha de la fase de grupos del certamen continental. Consiguiendo adem\u00e1s sus primeros goles en la historia tras dos participaciones cumplidas. &#8230;<\/p>\n","protected":false},"author":4,"featured_media":10101,"comment_status":"closed","ping_status":"closed","sticky":false,"template":"","format":"standard","meta":{"footnotes":""},"categories":[43,37,36,21],"tags":[],"class_list":["post-10103","post","type-post","status-publish","format-standard","has-post-thumbnail","hentry","category-fotos","category-copa-libertadores","category-internacional","category-zamora-fc"],"_links":{"self":[{"href":"http:\/\/gradadigital.com\/home\/wp-json\/wp\/v2\/posts\/10103","targetHints":{"allow":["GET"]}}],"collection":[{"href":"http:\/\/gradadigital.com\/home\/wp-json\/wp\/v2\/posts"}],"about":[{"href":"http:\/\/gradadigital.com\/home\/wp-json\/wp\/v2\/types\/post"}],"author":[{"embeddable":true,"href":"http:\/\/gradadigital.com\/home\/wp-json\/wp\/v2\/users\/4"}],"replies":[{"embeddable":true,"href":"http:\/\/gradadigital.com\/home\/wp-json\/wp\/v2\/comments?post=10103"}],"version-history":[{"count":2,"href":"http:\/\/gradadigital.com\/home\/wp-json\/wp\/v2\/posts\/10103\/revisions"}],"predecessor-version":[{"id":10105,"href":"http:\/\/gradadigital.com\/home\/wp-json\/wp\/v2\/posts\/10103\/revisions\/10105"}],"wp:featuredmedia":[{"embeddable":true,"href":"http:\/\/gradadigital.com\/home\/wp-json\/wp\/v2\/media\/10101"}],"wp:attachment":[{"href":"http:\/\/gradadigital.com\/home\/wp-json\/wp\/v2\/media?parent=10103"}],"wp:term":[{"taxonomy":"category","embeddable":true,"href":"http:\/\/gradadigital.com\/home\/wp-json\/wp\/v2\/categories?post=10103"},{"taxonomy":"post_tag","embeddable":true,"href":"http:\/\/gradadigital.com\/home\/wp-json\/wp\/v2\/tags?post=10103"}],"curies":[{"name":"wp","href":"https:\/\/api.w.org\/{rel}","templated":true}]}}