{"id":10088,"date":"2014-03-12T13:02:42","date_gmt":"2014-03-12T17:32:42","guid":{"rendered":"http:\/\/gradadigital.com\/home\/?p=10088"},"modified":"2014-03-12T13:02:42","modified_gmt":"2014-03-12T17:32:42","slug":"estos-son-los-encuentros-que-iran-por-tv","status":"publish","type":"post","link":"http:\/\/gradadigital.com\/home\/estos-son-los-encuentros-que-iran-por-tv\/","title":{"rendered":"Estos son los encuentros que ir\u00e1n por TV"},"content":{"rendered":"<p style=\"text-align: center;\"><img loading=\"lazy\" decoding=\"async\" class=\"alignnone size-full wp-image-7980\" alt=\"television_meridiano_directv_18012012\" src=\"http:\/\/gradadigital.com\/home\/wp-content\/uploads\/2014\/01\/television_meridiano_directv_18012012.jpg\" width=\"596\" height=\"346\" srcset=\"http:\/\/gradadigital.com\/home\/wp-content\/uploads\/2014\/01\/television_meridiano_directv_18012012.jpg 596w, http:\/\/gradadigital.com\/home\/wp-content\/uploads\/2014\/01\/television_meridiano_directv_18012012-300x174.jpg 300w\" sizes=\"auto, (max-width: 596px) 100vw, 596px\" \/><\/p>\n<p style=\"text-align: justify;\"><strong>PRENSA FVF \/ CARACAS.-<\/strong>\u00a0La Comisi\u00f3n de Torneos nacionales anunci\u00f3 las reprogramaciones y transmisiones de televisi\u00f3n\u00a0para la d\u00e9cima jornada del Torneo Clausura de la Liga Movistar.<\/p>\n<p style=\"text-align: justify;\">Gerardo Rivero, Coordinador de la CTN indic\u00f3 lo siguiente:<\/p>\n<p style=\"text-align: justify;\">\u2022 Caracas FC vs Atl\u00e9tico Venezuela se jugar\u00e1 el domingo, 16 de marzo, a las 5:00 pm en el\u00a0estadio Ol\u00edmpico de la UCV y ser\u00e1 transmitido por DIRECTV.<br \/>\n\u2022 ACC Mineros de Guyana vs Yaracuyanos FC se jugar\u00e1 el domingo, 16 de marzo, a las 4:00\u00a0pm en el CTE Cachamay y ser\u00e1 transmitido por Meridiano TV.<br \/>\n\u2022 Estudiantes de M\u00e9rida FC vs Deportivo T\u00e1chira se jugar\u00e1 el domingo, 16 de marzo, a las\u00a04:00 pm en el estadio Soto Rosa.<br \/>\n\u2022 Deportivo La Guaira vs Zamora FC fue reprogramado para el pr\u00f3ximo 20 de abril.<br \/>\n\u2022 Aragua FC vs Deportivo Anzo\u00e1tegui fue reprogramado para el pr\u00f3ximo 30 de abril.<\/p>\n","protected":false},"excerpt":{"rendered":"<p>PRENSA FVF \/ CARACAS.-\u00a0La Comisi\u00f3n de Torneos nacionales anunci\u00f3 las reprogramaciones y transmisiones de televisi\u00f3n\u00a0para la d\u00e9cima jornada del Torneo Clausura de la Liga Movistar. Gerardo Rivero, Coordinador de la CTN indic\u00f3 lo siguiente: \u2022 Caracas FC vs Atl\u00e9tico Venezuela se jugar\u00e1 el domingo, 16 de marzo, a las 5:00 pm en el\u00a0estadio Ol\u00edmpico de &#8230;<\/p>\n","protected":false},"author":4,"featured_media":7980,"comment_status":"closed","ping_status":"closed","sticky":false,"template":"","format":"standard","meta":{"footnotes":""},"categories":[5,31],"tags":[],"class_list":["post-10088","post","type-post","status-publish","format-standard","has-post-thumbnail","hentry","category-futbol-nacional","category-primera-division"],"_links":{"self":[{"href":"http:\/\/gradadigital.com\/home\/wp-json\/wp\/v2\/posts\/10088","targetHints":{"allow":["GET"]}}],"collection":[{"href":"http:\/\/gradadigital.com\/home\/wp-json\/wp\/v2\/posts"}],"about":[{"href":"http:\/\/gradadigital.com\/home\/wp-json\/wp\/v2\/types\/post"}],"author":[{"embeddable":true,"href":"http:\/\/gradadigital.com\/home\/wp-json\/wp\/v2\/users\/4"}],"replies":[{"embeddable":true,"href":"http:\/\/gradadigital.com\/home\/wp-json\/wp\/v2\/comments?post=10088"}],"version-history":[{"count":2,"href":"http:\/\/gradadigital.com\/home\/wp-json\/wp\/v2\/posts\/10088\/revisions"}],"predecessor-version":[{"id":10090,"href":"http:\/\/gradadigital.com\/home\/wp-json\/wp\/v2\/posts\/10088\/revisions\/10090"}],"wp:featuredmedia":[{"embeddable":true,"href":"http:\/\/gradadigital.com\/home\/wp-json\/wp\/v2\/media\/7980"}],"wp:attachment":[{"href":"http:\/\/gradadigital.com\/home\/wp-json\/wp\/v2\/media?parent=10088"}],"wp:term":[{"taxonomy":"category","embeddable":true,"href":"http:\/\/gradadigital.com\/home\/wp-json\/wp\/v2\/categories?post=10088"},{"taxonomy":"post_tag","embeddable":true,"href":"http:\/\/gradadigital.com\/home\/wp-json\/wp\/v2\/tags?post=10088"}],"curies":[{"name":"wp","href":"https:\/\/api.w.org\/{rel}","templated":true}]}}