{"id":10055,"date":"2014-03-09T21:03:02","date_gmt":"2014-03-10T01:33:02","guid":{"rendered":"http:\/\/gradadigital.com\/home\/?p=10055"},"modified":"2014-03-09T21:03:02","modified_gmt":"2014-03-10T01:33:02","slug":"el-deportivo-lara-acumulo-un-nuevo-triunfo-de-visitante","status":"publish","type":"post","link":"http:\/\/gradadigital.com\/home\/el-deportivo-lara-acumulo-un-nuevo-triunfo-de-visitante\/","title":{"rendered":"El Deportivo Lara acumul\u00f3 un nuevo triunfo de visitante"},"content":{"rendered":"<p style=\"text-align: center;\"><img loading=\"lazy\" decoding=\"async\" class=\"alignnone size-full wp-image-10056\" alt=\"heiber_diaz_edgar_perez_greco_atlvenezuela_cdlara_09032014\" src=\"http:\/\/gradadigital.com\/home\/wp-content\/uploads\/2014\/03\/heiber_diaz_edgar_perez_greco_atlvenezuela_cdlara_09032014.jpg\" width=\"596\" height=\"346\" srcset=\"http:\/\/gradadigital.com\/home\/wp-content\/uploads\/2014\/03\/heiber_diaz_edgar_perez_greco_atlvenezuela_cdlara_09032014.jpg 596w, http:\/\/gradadigital.com\/home\/wp-content\/uploads\/2014\/03\/heiber_diaz_edgar_perez_greco_atlvenezuela_cdlara_09032014-300x174.jpg 300w\" sizes=\"auto, (max-width: 596px) 100vw, 596px\" \/><\/p>\n<p style=\"text-align: justify;\"><strong>Lcdo. Tomy Arguelles &#8211;<\/strong>\u00a0El Deportivo Lara venci\u00f3 1-3 al Atl\u00e9tico Venezuela, en choque disputado en el estadio Br\u00edgido\u00a0Iriarte de Caracas v\u00e1lido por la fecha 9 del clausura 2014.<\/p>\n<p style=\"text-align: justify;\">Partido de mucho v\u00e9rtigo en la primera mitad con un Atl\u00e9tico Venezuela que se fue arriba en\u00a0el marcador con una gran individualidad de Daniel Febles apenas al minuto 8\u00b4 y, adem\u00e1s de\u00a0varias llegadas al \u00e1rea contraria, aunque la \u00faltima l\u00ednea terminaba despejando para evitar\u00a0un 2-0 que iba a ser dif\u00edcil de remontar. Por su parte, el combinado rojinegro a pesar del\u00a0gol tempranero no se amilan\u00f3 y comenz\u00f3 a tener mayor movilidad en \u00e1rea capitalina y esto\u00a0comenz\u00f3 a traerle problemas a los comandados por Jos\u00e9 Hern\u00e1ndez.<\/p>\n<p style=\"text-align: justify;\">Hern\u00e1n Zanni y Miguel Mea Vitali comenzaron a filtrar balones a Greco y D\u00edaz para poseer\u00a0mayor volumen de ataque y ese frecuente volumen le dio la oportunidad al Depor de empatar\u00a0las acciones. Fue en la fracci\u00f3n 23\u00b4 cuando Edgar P\u00e9rez Greco recibi\u00f3 una habilitaci\u00f3n en tiro\u00a0de esquina de Miguel Mea Vitali al primer palo y de cabeza puso el 1-1. Este represent\u00f3 el\u00a0cuarto gol del \u201cFlaco\u201d en lo que va de semestre.<\/p>\n<p style=\"text-align: justify;\">Joel C\u00e1ceres comenz\u00f3 a hacer da\u00f1o tambi\u00e9n por la banda derecha para generar m\u00e1s peligro e\u00a0incrementar las opciones de ataque del conjunto que hace vida en el estadio Metropolitano de\u00a0Palavecino. Dos minutos despu\u00e9s del tanto de Greco, Jos\u00e9 Manuel Rey tuvo su tiro libre desde\u00a0unos 25 metros y su borde interno pas\u00f3 a cent\u00edmetros del poste diestro de Toyo. Mientras\u00a0regresaba a su posici\u00f3n, \u201cEl Tetero\u201d se llevaba las manos a la cabeza lament\u00e1ndose ya que estuvo\u00a0cerca del tanto.<\/p>\n<p style=\"text-align: justify;\">No obstante, el estar en constante movimiento tanto Zanni como el mismo Chaurant, hizo que\u00a0fueran puntos de apoyo, opciones de pase y en un ataque el Rosarino recibi\u00f3 en \u00be de cancha\u00a0y envi\u00f3 una habilitaci\u00f3n por arriba de la zaga nacional y mientras el bal\u00f3n rebotaba a media\u00a0altura, Heiber D\u00edaz esper\u00f3 el pique ideal para acomodarse y a tres dedos envi\u00f3 su derechazo al\u00a0bajante diestro de Javier Toyo que nada pudo hacer al 30\u00b4.<\/p>\n<p style=\"text-align: justify;\">En los \u00faltimos quince minutos de la primera mitad, el onceno Larense mantuvo su compostura\u00a0en el repliegue y, pese a un tiro libre de Luciano Ursino al borde del \u00e1rea que revisti\u00f3 cierto\u00a0peligro, el compromiso finaliz\u00f3 en ese per\u00edodo 1-2 a favor.<\/p>\n<p style=\"text-align: justify;\">Para la segunda mitad, el Deportivo Lara buscar\u00eda mantener el orden en el funcionamiento\u00a0y, porque no, jugar con la necesidad del rival para luego conseguir espacios y liquidar las\u00a0acciones. Sin embargo, apenas iniciando el complemento (Minuto 50) hubo una jugada en la\u00a0cual el cuadro visitante pudo salir m\u00e1s beneficiado en una sentencia arbitral. Heiber D\u00edaz recibi\u00f3\u00a0una habilitaci\u00f3n en largo y el portero Javier Toyo sali\u00f3 fuera del \u00e1rea para despejar de cabeza,\u00a0aunque el bal\u00f3n le pas\u00f3 por encima y tuvo que alzar la mano para frenar el bal\u00f3n, pese a que\u00a0era el \u00faltimo hombre y con la intenci\u00f3n con la que jug\u00f3 el guardavallas solo fue amonestado\u00a0para gran molestia de los once jugadores larenses y todo el banquillo.<\/p>\n<p style=\"text-align: justify;\">Tras esta jugada, el Venezuela comenz\u00f3 a mover sus piezas mientras que Dudamel segu\u00eda\u00a0estudiando la partida para mover a sus jugadores. Primero, Venezuela hizo ingresar al \u201cTurbo\u201d\u00a0Gonz\u00e1lez, luego a Jorge Casanova y por \u00faltimo al \u201cTorito\u201d C\u00e1sseres poniendo toda la carne en el\u00a0asador con jugadores netamente ofensivos.<\/p>\n<p style=\"text-align: justify;\">El rojinegro hizo su primer cambio al 81\u00b4 cuando ingres\u00f3 Lu\u00eds Colmenarez por el volante\u00a0ofensivo y de gran desgaste en el partido, Hern\u00e1n Zanni. Acto seguido, Johan Arrieche por\u00a0Heiber D\u00edaz Tovar quien estuvo frecuentemente buscando tapar la salida desde la \u00faltima l\u00ednea\u00a0anfitriona y, para finalizar, Mauricio Parra entr\u00f3 al 88\u00b4 por Edgar P\u00e9rez Greco quien tambi\u00e9n\u00a0tuvo gran sacrificio en el partido con un ida y vuelta asfixiante.<\/p>\n<p style=\"text-align: justify;\">Al 65\u00b4, el Venezuela tendr\u00eda su llegada m\u00e1s clara del segundo per\u00edodo. Luciano Ursino se\u00a0proyect\u00f3 en gran jugada individual por izquierda y centr\u00f3 a Daniel Febles quien sin marca en el\u00a0coraz\u00f3n del \u00e1rea envi\u00f3 su zurdazo por encima del horizontal de Alan Liebeskind.<\/p>\n<p style=\"text-align: justify;\">Desde aqu\u00ed hasta el final del cotejo, el plantel larense con orden supo aguantar el embate\u00a0del rival en \u00e1rea contraria y en un contraataque al 90+4\u00b4 sentenciar\u00eda el desaf\u00edo. Juan Colina\u00a0recibi\u00f3 un bal\u00f3n rifado dentro del \u00e1rea y Jorge Casanova le cometi\u00f3 infracci\u00f3n luego de que\u00a0Colina lo driblara buscando el perfil para centrar la pelota. Un minuto despu\u00e9s, Jos\u00e9 Manuel Rey\u00a0liquid\u00f3 el cotejo con un disparo rasante al palo izquierdo de Toyo que no pudo detener el bal\u00f3n.<\/p>\n<p style=\"text-align: justify;\">Con este triunfo, el Deportivo Lara llega a 17 unidades y su pr\u00f3ximo duelo ser\u00e1 el domingo\u00a0entrante ante Llaneros en la ciudad de Guanare a las 4:00 pm.<\/p>\n<div style=\"text-align: center;\"><iframe loading=\"lazy\" src=\"http:\/\/gradadigital.com\/datafactory\/html\/venezuela\/ficha189604.html\" height=\"1030\" width=\"702\" frameborder=\"0\" marginwidth=\"0\" marginheight=\"0\" scrolling=\"no\"><\/iframe><\/div>\n","protected":false},"excerpt":{"rendered":"<p>Lcdo. Tomy Arguelles &#8211;\u00a0El Deportivo Lara venci\u00f3 1-3 al Atl\u00e9tico Venezuela, en choque disputado en el estadio Br\u00edgido\u00a0Iriarte de Caracas v\u00e1lido por la fecha 9 del clausura 2014. Partido de mucho v\u00e9rtigo en la primera mitad con un Atl\u00e9tico Venezuela que se fue arriba en\u00a0el marcador con una gran individualidad de Daniel Febles apenas al &#8230;<\/p>\n","protected":false},"author":4,"featured_media":10056,"comment_status":"closed","ping_status":"closed","sticky":false,"template":"","format":"standard","meta":{"footnotes":""},"categories":[7,8,5,31],"tags":[],"class_list":["post-10055","post","type-post","status-publish","format-standard","has-post-thumbnail","hentry","category-atletico-venezuela","category-cd-lara","category-futbol-nacional","category-primera-division"],"_links":{"self":[{"href":"http:\/\/gradadigital.com\/home\/wp-json\/wp\/v2\/posts\/10055","targetHints":{"allow":["GET"]}}],"collection":[{"href":"http:\/\/gradadigital.com\/home\/wp-json\/wp\/v2\/posts"}],"about":[{"href":"http:\/\/gradadigital.com\/home\/wp-json\/wp\/v2\/types\/post"}],"author":[{"embeddable":true,"href":"http:\/\/gradadigital.com\/home\/wp-json\/wp\/v2\/users\/4"}],"replies":[{"embeddable":true,"href":"http:\/\/gradadigital.com\/home\/wp-json\/wp\/v2\/comments?post=10055"}],"version-history":[{"count":2,"href":"http:\/\/gradadigital.com\/home\/wp-json\/wp\/v2\/posts\/10055\/revisions"}],"predecessor-version":[{"id":10058,"href":"http:\/\/gradadigital.com\/home\/wp-json\/wp\/v2\/posts\/10055\/revisions\/10058"}],"wp:featuredmedia":[{"embeddable":true,"href":"http:\/\/gradadigital.com\/home\/wp-json\/wp\/v2\/media\/10056"}],"wp:attachment":[{"href":"http:\/\/gradadigital.com\/home\/wp-json\/wp\/v2\/media?parent=10055"}],"wp:term":[{"taxonomy":"category","embeddable":true,"href":"http:\/\/gradadigital.com\/home\/wp-json\/wp\/v2\/categories?post=10055"},{"taxonomy":"post_tag","embeddable":true,"href":"http:\/\/gradadigital.com\/home\/wp-json\/wp\/v2\/tags?post=10055"}],"curies":[{"name":"wp","href":"https:\/\/api.w.org\/{rel}","templated":true}]}}